{"id":298,"date":"2017-05-13T11:06:30","date_gmt":"2017-05-13T09:06:30","guid":{"rendered":"http:\/\/samerski.de\/?p=298"},"modified":"2017-05-13T11:14:45","modified_gmt":"2017-05-13T09:14:45","slug":"digitale-muendigkeit","status":"publish","type":"post","link":"https:\/\/samerski.de\/?p=298","title":{"rendered":"Digitale M\u00fcndigkeit"},"content":{"rendered":"<p>Ob \u201eE-Health\u201c, \u201eGesundheit 2.0\u201c oder \u201eSelf-Tracking\u201c \u2013 Big Data und Digitalisierung erfassen das Gesundheitswesen. Im Unterschied zu anderen gesellschaftlichen Bereichen hat die \u201edigitale Revolution\u201c\u00a0 hier besonders tiefgreifende Auswirkungen: Erstens geht es um ein h\u00f6chstes Gut, n\u00e4mlich Gesundheit, und zweitens sind als Patienten und Versicherte praktisch alle B\u00fcrger betroffen. <!--more-->Um Selbstbestimmung und gesellschaftliche Partizipation zu erm\u00f6glichen, ist es daher dringend n\u00f6tig, dass sich Versicherte und Patienten unabh\u00e4ngig und umfassend \u00fcber die neuen technischen M\u00f6glichkeiten sowie ihre sozialen, rechtlichen und ethischen Implikationen informieren k\u00f6nnen. &#8222;Digitale M\u00fcndigkeit&#8220; darf sich nicht nur auf die informierte und kompetente Nutzung digitaler Medien beschr\u00e4nken, sondern muss auch das Wissen um technische Hintergr\u00fcnde und gesellschaftliche Zusammenh\u00e4nge einschlie\u00dfen.<\/p>\n<p>Vor zwei Jahren haben Hardy M\u00fcller vom WINEG\/TK und ich ein entsprechendes <a href=\"http:\/\/samerski.de\/wp-content\/uploads\/2017\/05\/Expose_Patienteninfo_BigData_072016_neu-5.pdf\" target=\"_blank\" rel=\"noopener noreferrer\">Konzept f\u00fcr eine Aufkl\u00e4rungsbrosch\u00fcre <\/a>zur F\u00f6rderung der digitalen M\u00fcndigkeit entwickelt. Wir haben viele positive R\u00fcckmeldungen erhalten, konnten die Brosch\u00fcre jedoch aus verschiedenen Gr\u00fcnden bisher nicht verwirklichen. Au\u00dferdem w\u00e4re es f\u00fcr die j\u00fcngeren Generationen angemessener, die vorgeschlagenen Inhalten\u00a0 online in digitalen Formaten darzustellen. \u00dcber Interesse, Kooperationen oder einfach nur R\u00fcckmeldungen\u00a0 w\u00fcrden wir uns freuen:<\/p>\n<p>Dr. Silja Samerski, Universit\u00e4t Bremen,\u00a0 <a href=\"mailto:kontakt@samerski.de\">kontakt@samerski.de <\/a><\/p>\n","protected":false},"excerpt":{"rendered":"<p>Ob \u201eE-Health\u201c, \u201eGesundheit 2.0\u201c oder \u201eSelf-Tracking\u201c \u2013 Big Data und Digitalisierung erfassen das Gesundheitswesen. Im Unterschied zu anderen gesellschaftlichen Bereichen hat die \u201edigitale Revolution\u201c\u00a0 hier besonders tiefgreifende Auswirkungen: Erstens geht es um ein h\u00f6chstes Gut, n\u00e4mlich Gesundheit, und zweitens sind als Patienten und Versicherte praktisch alle B\u00fcrger betroffen.<\/p>\n","protected":false},"author":2,"featured_media":0,"comment_status":"closed","ping_status":"closed","sticky":false,"template":"","format":"standard","meta":{"footnotes":""},"categories":[1],"tags":[],"_links":{"self":[{"href":"https:\/\/samerski.de\/index.php?rest_route=\/wp\/v2\/posts\/298"}],"collection":[{"href":"https:\/\/samerski.de\/index.php?rest_route=\/wp\/v2\/posts"}],"about":[{"href":"https:\/\/samerski.de\/index.php?rest_route=\/wp\/v2\/types\/post"}],"author":[{"embeddable":true,"href":"https:\/\/samerski.de\/index.php?rest_route=\/wp\/v2\/users\/2"}],"replies":[{"embeddable":true,"href":"https:\/\/samerski.de\/index.php?rest_route=%2Fwp%2Fv2%2Fcomments&post=298"}],"version-history":[{"count":5,"href":"https:\/\/samerski.de\/index.php?rest_route=\/wp\/v2\/posts\/298\/revisions"}],"predecessor-version":[{"id":303,"href":"https:\/\/samerski.de\/index.php?rest_route=\/wp\/v2\/posts\/298\/revisions\/303"}],"wp:attachment":[{"href":"https:\/\/samerski.de\/index.php?rest_route=%2Fwp%2Fv2%2Fmedia&parent=298"}],"wp:term":[{"taxonomy":"category","embeddable":true,"href":"https:\/\/samerski.de\/index.php?rest_route=%2Fwp%2Fv2%2Fcategories&post=298"},{"taxonomy":"post_tag","embeddable":true,"href":"https:\/\/samerski.de\/index.php?rest_route=%2Fwp%2Fv2%2Ftags&post=298"}],"curies":[{"name":"wp","href":"https:\/\/api.w.org\/{rel}","templated":true}]}}