{"id":330,"date":"2017-09-08T11:21:11","date_gmt":"2017-09-08T09:21:11","guid":{"rendered":"http:\/\/samerski.de\/?p=330"},"modified":"2017-09-08T11:21:11","modified_gmt":"2017-09-08T09:21:11","slug":"programmierte-entscheidungen-gefaehrdet-die-digitalisierung-unsere-selbstbestimmung","status":"publish","type":"post","link":"https:\/\/samerski.de\/?p=330","title":{"rendered":"Programmierte Entscheidungen. Gef\u00e4hrdet die Digitalisierung unsere Selbstbestimmung?"},"content":{"rendered":"<p><a href=\"http:\/\/samerski.de\/wp-content\/uploads\/2017\/09\/aku\u0308-digitales-entscheiden-Kopie-1.jpg\"><img loading=\"lazy\" decoding=\"async\" class=\"alignnone size-medium wp-image-329\" src=\"http:\/\/samerski.de\/wp-content\/uploads\/2017\/09\/aku\u0308-digitales-entscheiden-Kopie-1-300x211.jpg\" alt=\"\" width=\"300\" height=\"211\" srcset=\"https:\/\/samerski.de\/wp-content\/uploads\/2017\/09\/aku\u0308-digitales-entscheiden-Kopie-1-300x211.jpg 300w, https:\/\/samerski.de\/wp-content\/uploads\/2017\/09\/aku\u0308-digitales-entscheiden-Kopie-1-768x541.jpg 768w, https:\/\/samerski.de\/wp-content\/uploads\/2017\/09\/aku\u0308-digitales-entscheiden-Kopie-1-1024x722.jpg 1024w\" sizes=\"(max-width: 300px) 100vw, 300px\" \/><\/a><\/p>\n<p><strong>Donnerstag, 28. September 2017, 20:00 Uhr, Villa Ichon <\/strong><\/p>\n<p>Computer, die uns Entscheidungen abnehmen, sind heute allt\u00e4glich: Smarte Videokameras sp\u00fcren unerw\u00fcnschte Personen auf, Smartphones generieren Depressionswarnungen und IBM&#8217;s Supercomputer &#8222;Watson Health&#8220; soll dem Arzt Diagnose- und Behandlungsentscheidungen abnehmen. Digitale Entscheider gelten als effizient und rational, weil sie nicht erm\u00fcden, auf riesige Datenmengen zugreifen und sich nicht von Emotionen leiten lassen. Was bedeutet es jedoch f\u00fcr eine Gesellschaft, wenn sie politische, professionelle und pers\u00f6nliche Entscheidungen an Maschinen delegiert? Der Soziologe Zygmunt Bauman spricht hier von \u201eorganisierter Verantwortungslosigkeit\u201c, weil tats\u00e4chlich niemand mehr antwortet. Das, was als &#8222;erw\u00fcnscht&#8220; und &#8222;unerw\u00fcnscht\u201c, also als &#8222;krank&#8220; bzw. &#8222;gesund&#8220; oder \u201enormal\u201c bzw. \u201eauff\u00e4llig\u201c gilt, wird nicht mehr sozial ausgehandelt, sondern in Algorithmen verpackt, die Objektivit\u00e4t vorgaukeln. Droht uns eine maschinelle Technokratie, die unsere Selbstbestimmung unterh\u00f6hlt? Es diskutieren drei Experten, die im IT-Bereich arbeiten und sich seit Jahren mit den sozialen und politischen Dimensionen der Digitalisierung besch\u00e4ftigen:<\/p>\n<p><strong>Frieder Nake<\/strong>, Professor f\u00fcr Graphische Datenverarbeitung an der Universit\u00e4t Bremen, Computerk\u00fcnstler<\/p>\n<p><strong>Lars Fischer<\/strong>, Mitglied des Chaos Computer Clubs Bremen, forscht als Informatiker zur Sicherheit zuk\u00fcnftiger Energienetze an der Universit\u00e4t Oldenburg<\/p>\n<p><strong>Kai Osterhage<\/strong>, aktiv im Verein Digitalcourage (\u201eBigBrotherAwards\u201c), seit \u00fcber 20 Jahren in der IT besch\u00e4ftigt<\/p>\n<p>Moderation:<\/p>\n<p><strong>Silja Samerski<\/strong>, Sozialwissenschaftlerin an der Universit\u00e4t Bremen, forscht u.a. zur \u201eProgrammierung des Entscheidens\u201c.<\/p>\n","protected":false},"excerpt":{"rendered":"<p>Donnerstag, 28. September 2017, 20:00 Uhr, Villa Ichon Computer, die uns Entscheidungen abnehmen, sind heute allt\u00e4glich: Smarte Videokameras sp\u00fcren unerw\u00fcnschte Personen auf, Smartphones generieren Depressionswarnungen und IBM&#8217;s Supercomputer &#8222;Watson Health&#8220; soll dem Arzt Diagnose- und Behandlungsentscheidungen abnehmen. Digitale Entscheider gelten als effizient und rational, weil sie nicht erm\u00fcden, auf riesige Datenmengen zugreifen und sich nicht &#8230; <a title=\"Programmierte Entscheidungen. Gef\u00e4hrdet die Digitalisierung unsere Selbstbestimmung?\" class=\"read-more\" href=\"https:\/\/samerski.de\/?p=330\" aria-label=\"Mehr dazu unter Programmierte Entscheidungen. Gef\u00e4hrdet die Digitalisierung unsere Selbstbestimmung?\">Weiterlesen<\/a><\/p>\n","protected":false},"author":2,"featured_media":0,"comment_status":"closed","ping_status":"closed","sticky":false,"template":"","format":"standard","meta":{"footnotes":""},"categories":[1],"tags":[],"_links":{"self":[{"href":"https:\/\/samerski.de\/index.php?rest_route=\/wp\/v2\/posts\/330"}],"collection":[{"href":"https:\/\/samerski.de\/index.php?rest_route=\/wp\/v2\/posts"}],"about":[{"href":"https:\/\/samerski.de\/index.php?rest_route=\/wp\/v2\/types\/post"}],"author":[{"embeddable":true,"href":"https:\/\/samerski.de\/index.php?rest_route=\/wp\/v2\/users\/2"}],"replies":[{"embeddable":true,"href":"https:\/\/samerski.de\/index.php?rest_route=%2Fwp%2Fv2%2Fcomments&post=330"}],"version-history":[{"count":3,"href":"https:\/\/samerski.de\/index.php?rest_route=\/wp\/v2\/posts\/330\/revisions"}],"predecessor-version":[{"id":333,"href":"https:\/\/samerski.de\/index.php?rest_route=\/wp\/v2\/posts\/330\/revisions\/333"}],"wp:attachment":[{"href":"https:\/\/samerski.de\/index.php?rest_route=%2Fwp%2Fv2%2Fmedia&parent=330"}],"wp:term":[{"taxonomy":"category","embeddable":true,"href":"https:\/\/samerski.de\/index.php?rest_route=%2Fwp%2Fv2%2Fcategories&post=330"},{"taxonomy":"post_tag","embeddable":true,"href":"https:\/\/samerski.de\/index.php?rest_route=%2Fwp%2Fv2%2Ftags&post=330"}],"curies":[{"name":"wp","href":"https:\/\/api.w.org\/{rel}","templated":true}]}}